{"id":97,"date":"2024-06-05T10:02:00","date_gmt":"2024-06-05T16:02:00","guid":{"rendered":"https:\/\/organizacionsycoma.org\/?p=97"},"modified":"2024-07-08T10:25:16","modified_gmt":"2024-07-08T16:25:16","slug":"campana-del-gallito-marino-y-el-tildillo-2024","status":"publish","type":"post","link":"https:\/\/organizacionsycoma.org\/?p=97","title":{"rendered":"Campa\u00f1a de conservaci\u00f3n del gallito marino y el tildillo 2024"},"content":{"rendered":"\n<p>\u00a1Ya empezaron los nacimientos de Gallito Marino y Tildillo!<\/p>\n\n\n\n<p>Recuerda que para que esta temporada sea un \u00e9xito, como sociedad debemos hacer lo que nos <a><\/a>corresponde.<\/p>\n\n\n\n<p>Por ejemplo respetar las zonas de est\u00e1s especies, llevar siempre a tus perros con correa , no hacer uso de veh\u00edculos en las zonas restringidas.<\/p>\n","protected":false},"excerpt":{"rendered":"<p>\u00a1Ya empezaron los nacimientos de Gallito Marino y Tildillo! Recuerda que para que esta temporada sea un \u00e9xito, como sociedad debemos hacer lo que nos corresponde. Por ejemplo respetar las zonas de est\u00e1s especies, llevar siempre a tus perros con correa , no hacer uso de veh\u00edculos en las zonas restringidas.<\/p>\n","protected":false},"author":2,"featured_media":98,"comment_status":"closed","ping_status":"","sticky":false,"template":"","format":"standard","meta":{"_jetpack_memberships_contains_paid_content":false,"footnotes":""},"categories":[12,13,10],"tags":[9,6,5,7],"class_list":["post-97","post","type-post","status-publish","format-standard","has-post-thumbnail","hentry","category-tildillo","category-baja-california-sur","category-noticias","tag-baja-california-sur","tag-gallito-marino","tag-noticias","tag-tildillo"],"jetpack_featured_media_url":"https:\/\/organizacionsycoma.org\/wp-content\/uploads\/2024\/07\/gallito-24.jpg","jetpack_sharing_enabled":true,"_links":{"self":[{"href":"https:\/\/organizacionsycoma.org\/index.php?rest_route=\/wp\/v2\/posts\/97","targetHints":{"allow":["GET"]}}],"collection":[{"href":"https:\/\/organizacionsycoma.org\/index.php?rest_route=\/wp\/v2\/posts"}],"about":[{"href":"https:\/\/organizacionsycoma.org\/index.php?rest_route=\/wp\/v2\/types\/post"}],"author":[{"embeddable":true,"href":"https:\/\/organizacionsycoma.org\/index.php?rest_route=\/wp\/v2\/users\/2"}],"replies":[{"embeddable":true,"href":"https:\/\/organizacionsycoma.org\/index.php?rest_route=%2Fwp%2Fv2%2Fcomments&post=97"}],"version-history":[{"count":2,"href":"https:\/\/organizacionsycoma.org\/index.php?rest_route=\/wp\/v2\/posts\/97\/revisions"}],"predecessor-version":[{"id":108,"href":"https:\/\/organizacionsycoma.org\/index.php?rest_route=\/wp\/v2\/posts\/97\/revisions\/108"}],"wp:featuredmedia":[{"embeddable":true,"href":"https:\/\/organizacionsycoma.org\/index.php?rest_route=\/wp\/v2\/media\/98"}],"wp:attachment":[{"href":"https:\/\/organizacionsycoma.org\/index.php?rest_route=%2Fwp%2Fv2%2Fmedia&parent=97"}],"wp:term":[{"taxonomy":"category","embeddable":true,"href":"https:\/\/organizacionsycoma.org\/index.php?rest_route=%2Fwp%2Fv2%2Fcategories&post=97"},{"taxonomy":"post_tag","embeddable":true,"href":"https:\/\/organizacionsycoma.org\/index.php?rest_route=%2Fwp%2Fv2%2Ftags&post=97"}],"curies":[{"name":"wp","href":"https:\/\/api.w.org\/{rel}","templated":true}]}}