{"id":471,"date":"2026-03-04T13:02:43","date_gmt":"2026-03-04T19:02:43","guid":{"rendered":"https:\/\/organizacionsycoma.org\/?p=471"},"modified":"2026-03-16T13:03:02","modified_gmt":"2026-03-16T19:03:02","slug":"limpieza-de-playa-junto-al-estero-de-san-jose-del-cabo","status":"publish","type":"post","link":"https:\/\/organizacionsycoma.org\/?p=471","title":{"rendered":"Limpieza de playa junto al Estero de San Jos\u00e9 del Cabo"},"content":{"rendered":"\n<p>Este pasado d\u00eda 3 de marzo, y con la ayuda de la Direcci\u00f3n Municipal de Ecolog\u00eda y Medio Ambiente a cargo del Ingeniero Jorge L\u00f3pez, y de algunos de nuestros voluntarios, realizamos labores de limpieza del \u00e1rea de la playa donde estimamos anidar\u00e1 el gallito marino, charr\u00e1n m\u00ednimo, en esta nueva temporada, que comenzar\u00eda a finales de marzo o principios de abril.<\/p>\n\n\n\n<p>Se trata de que encuentren una arena limpia, sin elementos que les pudieran hacer desistir y marcharse a otras \u00e1reas de la costa donde no podr\u00e1n ser protegidos.<\/p>\n\n\n\n<p>Estaremos atentos este a\u00f1o a si la diferencia de nivel de agua en el estero trae diferencias en el comportamiento y cantidad de parejas, en el buen desarrollo de los nidos, y el crecimiento de las cr\u00edas que nazcan antes de partir al final de la temporada.<\/p>\n","protected":false},"excerpt":{"rendered":"<p>Este pasado d\u00eda 3 de marzo, y con la ayuda de la Direcci\u00f3n Municipal de Ecolog\u00eda y Medio Ambiente a cargo del Ingeniero Jorge L\u00f3pez, y de algunos de nuestros voluntarios, realizamos labores de limpieza del \u00e1rea de la playa donde estimamos anidar\u00e1 el gallito marino, charr\u00e1n m\u00ednimo, en esta nueva temporada, que comenzar\u00eda a finales de marzo o principios de abril. Se trata de que encuentren una arena limpia, sin elementos que les pudieran hacer desistir y marcharse a otras \u00e1reas de la costa donde no podr\u00e1n ser protegidos. Estaremos atentos este a\u00f1o a si la diferencia de nivel de agua en el estero trae diferencias en el comportamiento y cantidad de parejas, en el buen desarrollo de los nidos, y el crecimiento de las cr\u00edas que nazcan antes de partir al final de la temporada.<\/p>\n","protected":false},"author":2,"featured_media":472,"comment_status":"closed","ping_status":"","sticky":false,"template":"","format":"standard","meta":{"_jetpack_memberships_contains_paid_content":false,"footnotes":""},"categories":[10],"tags":[49,6,5,20,28],"class_list":["post-471","post","type-post","status-publish","format-standard","has-post-thumbnail","hentry","category-noticias","tag-49","tag-gallito-marino","tag-noticias","tag-san-jose-del-cabo","tag-sycoma"],"jetpack_featured_media_url":"https:\/\/organizacionsycoma.org\/wp-content\/uploads\/2026\/03\/SYCOMA-recogida-estero.jpg","jetpack_sharing_enabled":true,"_links":{"self":[{"href":"https:\/\/organizacionsycoma.org\/index.php?rest_route=\/wp\/v2\/posts\/471","targetHints":{"allow":["GET"]}}],"collection":[{"href":"https:\/\/organizacionsycoma.org\/index.php?rest_route=\/wp\/v2\/posts"}],"about":[{"href":"https:\/\/organizacionsycoma.org\/index.php?rest_route=\/wp\/v2\/types\/post"}],"author":[{"embeddable":true,"href":"https:\/\/organizacionsycoma.org\/index.php?rest_route=\/wp\/v2\/users\/2"}],"replies":[{"embeddable":true,"href":"https:\/\/organizacionsycoma.org\/index.php?rest_route=%2Fwp%2Fv2%2Fcomments&post=471"}],"version-history":[{"count":1,"href":"https:\/\/organizacionsycoma.org\/index.php?rest_route=\/wp\/v2\/posts\/471\/revisions"}],"predecessor-version":[{"id":473,"href":"https:\/\/organizacionsycoma.org\/index.php?rest_route=\/wp\/v2\/posts\/471\/revisions\/473"}],"wp:featuredmedia":[{"embeddable":true,"href":"https:\/\/organizacionsycoma.org\/index.php?rest_route=\/wp\/v2\/media\/472"}],"wp:attachment":[{"href":"https:\/\/organizacionsycoma.org\/index.php?rest_route=%2Fwp%2Fv2%2Fmedia&parent=471"}],"wp:term":[{"taxonomy":"category","embeddable":true,"href":"https:\/\/organizacionsycoma.org\/index.php?rest_route=%2Fwp%2Fv2%2Fcategories&post=471"},{"taxonomy":"post_tag","embeddable":true,"href":"https:\/\/organizacionsycoma.org\/index.php?rest_route=%2Fwp%2Fv2%2Ftags&post=471"}],"curies":[{"name":"wp","href":"https:\/\/api.w.org\/{rel}","templated":true}]}}