{"id":455,"date":"2025-11-28T20:19:24","date_gmt":"2025-11-29T02:19:24","guid":{"rendered":"https:\/\/organizacionsycoma.org\/?p=455"},"modified":"2025-12-19T13:03:50","modified_gmt":"2025-12-19T19:03:50","slug":"campana-vireo-gris-2025-26","status":"publish","type":"post","link":"https:\/\/organizacionsycoma.org\/?p=455","title":{"rendered":"Campa\u00f1a Vireo Gris 2025-26"},"content":{"rendered":"\n<p><strong>Llega el invierno y con \u00e9l una nueva campa\u00f1a de investigaci\u00f3n sobre el vireo gris, <em>Vireo vicinior<\/em>.<\/strong> <\/p>\n\n\n\n<p>Se trata de un estudio gen\u00e9tico en el que <strong>la Organizaci\u00f3n SyCOMA colabora con el Gobierno de Arizona mediante la toma de muestras de ejemplares en diversas zonas de nuestra naci\u00f3n<\/strong>. El pasado invierno estuvimos trabajando en \u00e1reas de Baja California Sur como La Paz o Los Cabos, y esta vez viajaremos a Sonora.<\/p>\n\n\n\n<p>El estudio trata de averiguar si los movimientos migratorios detectados en el Sur de los Estados Unidos tienen como destino para pasar el invierno zonas de nuestro pa\u00eds que comparten muy similar ecosistema, estudiando mediante gen\u00e9tica si los ejemplares aparecen en ambos lugares en las distintas estaciones del a\u00f1o.<\/p>\n\n\n\n<p>Os iremos contando el avance del trabajo en nuestras redes sociales!<\/p>\n","protected":false},"excerpt":{"rendered":"<p>Llega el invierno y con \u00e9l una nueva campa\u00f1a de investigaci\u00f3n sobre el vireo gris, Vireo vicinior. Se trata de un estudio gen\u00e9tico en el que la Organizaci\u00f3n SyCOMA colabora con el Gobierno de Arizona mediante la toma de muestras de ejemplares en diversas zonas de nuestra naci\u00f3n. El pasado invierno estuvimos trabajando en \u00e1reas de Baja California Sur como La Paz o Los Cabos, y esta vez viajaremos a Sonora. El estudio trata de averiguar si los movimientos migratorios detectados en el Sur de los Estados Unidos tienen como destino para pasar el invierno zonas de nuestro pa\u00eds que comparten muy similar ecosistema, estudiando mediante gen\u00e9tica si los ejemplares aparecen en ambos lugares en las distintas estaciones del a\u00f1o. Os iremos contando el avance del trabajo en nuestras redes sociales!<\/p>\n","protected":false},"author":2,"featured_media":456,"comment_status":"closed","ping_status":"","sticky":false,"template":"","format":"standard","meta":{"_jetpack_memberships_contains_paid_content":false,"footnotes":""},"categories":[45],"tags":[32,22,47,23,5,28,31,46],"class_list":["post-455","post","type-post","status-publish","format-standard","has-post-thumbnail","hentry","category-investigacion","tag-32","tag-conservacion","tag-investigacion","tag-monitoreo","tag-noticias","tag-sycoma","tag-vireo-gris","tag-vireo-vicinior"],"jetpack_featured_media_url":"https:\/\/organizacionsycoma.org\/wp-content\/uploads\/2025\/11\/SYCOMA-VIREO-25-26.jpg","jetpack_sharing_enabled":true,"_links":{"self":[{"href":"https:\/\/organizacionsycoma.org\/index.php?rest_route=\/wp\/v2\/posts\/455","targetHints":{"allow":["GET"]}}],"collection":[{"href":"https:\/\/organizacionsycoma.org\/index.php?rest_route=\/wp\/v2\/posts"}],"about":[{"href":"https:\/\/organizacionsycoma.org\/index.php?rest_route=\/wp\/v2\/types\/post"}],"author":[{"embeddable":true,"href":"https:\/\/organizacionsycoma.org\/index.php?rest_route=\/wp\/v2\/users\/2"}],"replies":[{"embeddable":true,"href":"https:\/\/organizacionsycoma.org\/index.php?rest_route=%2Fwp%2Fv2%2Fcomments&post=455"}],"version-history":[{"count":1,"href":"https:\/\/organizacionsycoma.org\/index.php?rest_route=\/wp\/v2\/posts\/455\/revisions"}],"predecessor-version":[{"id":457,"href":"https:\/\/organizacionsycoma.org\/index.php?rest_route=\/wp\/v2\/posts\/455\/revisions\/457"}],"wp:featuredmedia":[{"embeddable":true,"href":"https:\/\/organizacionsycoma.org\/index.php?rest_route=\/wp\/v2\/media\/456"}],"wp:attachment":[{"href":"https:\/\/organizacionsycoma.org\/index.php?rest_route=%2Fwp%2Fv2%2Fmedia&parent=455"}],"wp:term":[{"taxonomy":"category","embeddable":true,"href":"https:\/\/organizacionsycoma.org\/index.php?rest_route=%2Fwp%2Fv2%2Fcategories&post=455"},{"taxonomy":"post_tag","embeddable":true,"href":"https:\/\/organizacionsycoma.org\/index.php?rest_route=%2Fwp%2Fv2%2Ftags&post=455"}],"curies":[{"name":"wp","href":"https:\/\/api.w.org\/{rel}","templated":true}]}}