{"id":163,"date":"2024-12-29T12:54:00","date_gmt":"2024-12-29T18:54:00","guid":{"rendered":"https:\/\/organizacionsycoma.org\/?p=163"},"modified":"2025-01-06T13:34:08","modified_gmt":"2025-01-06T19:34:08","slug":"125o-conteo-navideno-internacional-de-aves-2024-estuvimos-alli","status":"publish","type":"post","link":"https:\/\/organizacionsycoma.org\/?p=163","title":{"rendered":"125\u00ba Conteo Navide\u00f1o Internacional de aves 2024. Estuvimos all\u00ed"},"content":{"rendered":"\n<p>La semana de fiestas navide\u00f1as de este Diciembre 2024 estuvimos presentes en el <strong>Conteo Navide\u00f1o de Aves<\/strong> en su edici\u00f3n n\u00famero 125!<\/p>\n\n\n\n<p>Contamos con la presencia de m\u00e1s voluntarios que nunca tanto nacionales como extranjeros y batimos todos los r\u00e9cords de conteo de especies. En pocos d\u00edas mostraremos nuestros excelentes resultados y c\u00f3mo acceder a los resultados globales. Desde SYCOMA, como siempre agradecer la colaboraci\u00f3n en este evento de ciencia ciudadana que nos une a todos los habitantes de la costa del Pac\u00edfico en las dos am\u00e9ricas.<\/p>\n\n\n\n<figure class=\"wp-block-image size-large\"><img loading=\"lazy\" decoding=\"async\" width=\"1024\" height=\"743\" src=\"https:\/\/organizacionsycoma.org\/wp-content\/uploads\/2024\/12\/SYCOMA-conteo-aves-3-1024x743.jpg\" alt=\"\" class=\"wp-image-168\" srcset=\"https:\/\/organizacionsycoma.org\/wp-content\/uploads\/2024\/12\/SYCOMA-conteo-aves-3-1024x743.jpg 1024w, https:\/\/organizacionsycoma.org\/wp-content\/uploads\/2024\/12\/SYCOMA-conteo-aves-3-300x218.jpg 300w, https:\/\/organizacionsycoma.org\/wp-content\/uploads\/2024\/12\/SYCOMA-conteo-aves-3-768x557.jpg 768w, https:\/\/organizacionsycoma.org\/wp-content\/uploads\/2024\/12\/SYCOMA-conteo-aves-3-1140x827.jpg 1140w, https:\/\/organizacionsycoma.org\/wp-content\/uploads\/2024\/12\/SYCOMA-conteo-aves-3.jpg 1400w\" sizes=\"auto, (max-width: 1024px) 100vw, 1024px\" \/><\/figure>\n","protected":false},"excerpt":{"rendered":"<p>La semana de fiestas navide\u00f1as de este Diciembre 2024 estuvimos presentes en el Conteo Navide\u00f1o de Aves en su edici\u00f3n n\u00famero 125! Contamos con la presencia de m\u00e1s voluntarios que nunca tanto nacionales como extranjeros y batimos todos los r\u00e9cords de conteo de especies. En pocos d\u00edas mostraremos nuestros excelentes resultados y c\u00f3mo acceder a los resultados globales. Desde SYCOMA, como siempre agradecer la colaboraci\u00f3n en este evento de ciencia ciudadana que nos une a todos los habitantes de la costa del Pac\u00edfico en las dos am\u00e9ricas.<\/p>\n","protected":false},"author":2,"featured_media":166,"comment_status":"closed","ping_status":"","sticky":false,"template":"","format":"standard","meta":{"_jetpack_memberships_contains_paid_content":false,"footnotes":""},"categories":[10,17],"tags":[26,27,23,5,18],"class_list":["post-163","post","type-post","status-publish","format-standard","has-post-thumbnail","hentry","category-noticias","category-sociedad-y-naturaleza","tag-aves","tag-eventos","tag-monitoreo","tag-noticias","tag-sociedad"],"jetpack_featured_media_url":"https:\/\/organizacionsycoma.org\/wp-content\/uploads\/2024\/12\/SYCOMA-conteo-aves-2.jpg","jetpack_sharing_enabled":true,"_links":{"self":[{"href":"https:\/\/organizacionsycoma.org\/index.php?rest_route=\/wp\/v2\/posts\/163","targetHints":{"allow":["GET"]}}],"collection":[{"href":"https:\/\/organizacionsycoma.org\/index.php?rest_route=\/wp\/v2\/posts"}],"about":[{"href":"https:\/\/organizacionsycoma.org\/index.php?rest_route=\/wp\/v2\/types\/post"}],"author":[{"embeddable":true,"href":"https:\/\/organizacionsycoma.org\/index.php?rest_route=\/wp\/v2\/users\/2"}],"replies":[{"embeddable":true,"href":"https:\/\/organizacionsycoma.org\/index.php?rest_route=%2Fwp%2Fv2%2Fcomments&post=163"}],"version-history":[{"count":3,"href":"https:\/\/organizacionsycoma.org\/index.php?rest_route=\/wp\/v2\/posts\/163\/revisions"}],"predecessor-version":[{"id":173,"href":"https:\/\/organizacionsycoma.org\/index.php?rest_route=\/wp\/v2\/posts\/163\/revisions\/173"}],"wp:featuredmedia":[{"embeddable":true,"href":"https:\/\/organizacionsycoma.org\/index.php?rest_route=\/wp\/v2\/media\/166"}],"wp:attachment":[{"href":"https:\/\/organizacionsycoma.org\/index.php?rest_route=%2Fwp%2Fv2%2Fmedia&parent=163"}],"wp:term":[{"taxonomy":"category","embeddable":true,"href":"https:\/\/organizacionsycoma.org\/index.php?rest_route=%2Fwp%2Fv2%2Fcategories&post=163"},{"taxonomy":"post_tag","embeddable":true,"href":"https:\/\/organizacionsycoma.org\/index.php?rest_route=%2Fwp%2Fv2%2Ftags&post=163"}],"curies":[{"name":"wp","href":"https:\/\/api.w.org\/{rel}","templated":true}]}}