{"id":123,"date":"2024-06-21T19:54:00","date_gmt":"2024-06-22T01:54:00","guid":{"rendered":"https:\/\/organizacionsycoma.org\/?p=123"},"modified":"2024-07-08T19:54:45","modified_gmt":"2024-07-09T01:54:45","slug":"socios-en-la-conservacion","status":"publish","type":"post","link":"https:\/\/organizacionsycoma.org\/?p=123","title":{"rendered":"SOCIOS EN LA CONSERVACI\u00d3N"},"content":{"rendered":"\n<p>En beneficio de la protecci\u00f3n del Gallito Marino y otras aves, se llev\u00f3 a cabo la 8\u00aa Reuni\u00f3n para el Intercambio de Experiencias: <strong>Alas que unen a las Californias<\/strong>.<\/p>\n\n\n\n<p>El objetivo, fue que los y las asistentes puedan conocer las acciones y actividades que se est\u00e1n realizando en beneficio de la conservaci\u00f3n del Gallito Marino (Sternula antillarum) y de otras especies de aves costeras y marinas que comparten su h\u00e1bitat, mismas que se desarrollan en el Noroeste de M\u00e9xico, al igual que en el estado vecino de California en Estados Unidos. Consolidando la red para la conservaci\u00f3n que di\u00f3 inicio hace ocho a\u00f1os.<\/p>\n\n\n\n<p>Durante la 8va reuni\u00f3n con sede en la Ciudad de La Paz que se lleva a cabo los d\u00edas 20 al 21 de junio contando como anfitriones las UABCS y la Organizaci\u00f3n SyCOMA, representantes de las diferentes organizaciones expondr\u00e1n el trabajo que realizan, lo que permitir\u00e1 identificar las particularidades de la organizaci\u00f3n y el tipo de protecci\u00f3n o investigaciones que implementan en sus territorios. Lo anterior permitir\u00e1 intercambiar experiencias en torno a las acciones de protecci\u00f3n e investigaci\u00f3n que se realizan, lo cual abre la posibilidad que se adopten algunas de estas acciones y fortaleces las acciones de conservaci\u00f3n de esta peculiar ave que compartimos.<\/p>\n\n\n\n<figure class=\"wp-block-gallery has-nested-images columns-default is-cropped wp-block-gallery-1 is-layout-flex wp-block-gallery-is-layout-flex\">\n<figure class=\"wp-block-image size-large\"><img loading=\"lazy\" decoding=\"async\" width=\"1024\" height=\"577\" data-id=\"125\" src=\"https:\/\/organizacionsycoma.org\/wp-content\/uploads\/2024\/07\/240621-2-1024x577.jpg\" alt=\"\" class=\"wp-image-125\" srcset=\"https:\/\/organizacionsycoma.org\/wp-content\/uploads\/2024\/07\/240621-2-1024x577.jpg 1024w, https:\/\/organizacionsycoma.org\/wp-content\/uploads\/2024\/07\/240621-2-300x169.jpg 300w, https:\/\/organizacionsycoma.org\/wp-content\/uploads\/2024\/07\/240621-2-768x432.jpg 768w, https:\/\/organizacionsycoma.org\/wp-content\/uploads\/2024\/07\/240621-2-1536x865.jpg 1536w, https:\/\/organizacionsycoma.org\/wp-content\/uploads\/2024\/07\/240621-2-1140x642.jpg 1140w, https:\/\/organizacionsycoma.org\/wp-content\/uploads\/2024\/07\/240621-2.jpg 2048w\" sizes=\"auto, (max-width: 1024px) 100vw, 1024px\" \/><\/figure>\n\n\n\n<figure class=\"wp-block-image size-large\"><img loading=\"lazy\" decoding=\"async\" width=\"1024\" height=\"577\" data-id=\"126\" src=\"https:\/\/organizacionsycoma.org\/wp-content\/uploads\/2024\/07\/240621-3-1024x577.jpg\" alt=\"\" class=\"wp-image-126\" srcset=\"https:\/\/organizacionsycoma.org\/wp-content\/uploads\/2024\/07\/240621-3-1024x577.jpg 1024w, https:\/\/organizacionsycoma.org\/wp-content\/uploads\/2024\/07\/240621-3-300x169.jpg 300w, https:\/\/organizacionsycoma.org\/wp-content\/uploads\/2024\/07\/240621-3-768x432.jpg 768w, https:\/\/organizacionsycoma.org\/wp-content\/uploads\/2024\/07\/240621-3-1536x865.jpg 1536w, https:\/\/organizacionsycoma.org\/wp-content\/uploads\/2024\/07\/240621-3-1140x642.jpg 1140w, https:\/\/organizacionsycoma.org\/wp-content\/uploads\/2024\/07\/240621-3.jpg 2048w\" sizes=\"auto, (max-width: 1024px) 100vw, 1024px\" \/><\/figure>\n\n\n\n<figure class=\"wp-block-image size-large\"><img loading=\"lazy\" decoding=\"async\" width=\"1024\" height=\"577\" data-id=\"127\" src=\"https:\/\/organizacionsycoma.org\/wp-content\/uploads\/2024\/07\/240621-4-1024x577.jpg\" alt=\"\" class=\"wp-image-127\" srcset=\"https:\/\/organizacionsycoma.org\/wp-content\/uploads\/2024\/07\/240621-4-1024x577.jpg 1024w, https:\/\/organizacionsycoma.org\/wp-content\/uploads\/2024\/07\/240621-4-300x169.jpg 300w, https:\/\/organizacionsycoma.org\/wp-content\/uploads\/2024\/07\/240621-4-768x432.jpg 768w, https:\/\/organizacionsycoma.org\/wp-content\/uploads\/2024\/07\/240621-4-1536x865.jpg 1536w, https:\/\/organizacionsycoma.org\/wp-content\/uploads\/2024\/07\/240621-4-1140x642.jpg 1140w, https:\/\/organizacionsycoma.org\/wp-content\/uploads\/2024\/07\/240621-4.jpg 2048w\" sizes=\"auto, (max-width: 1024px) 100vw, 1024px\" \/><\/figure>\n\n\n\n<figure class=\"wp-block-image size-large\"><img loading=\"lazy\" decoding=\"async\" width=\"1024\" height=\"577\" data-id=\"128\" src=\"https:\/\/organizacionsycoma.org\/wp-content\/uploads\/2024\/07\/240621-5-1024x577.jpg\" alt=\"\" class=\"wp-image-128\" srcset=\"https:\/\/organizacionsycoma.org\/wp-content\/uploads\/2024\/07\/240621-5-1024x577.jpg 1024w, https:\/\/organizacionsycoma.org\/wp-content\/uploads\/2024\/07\/240621-5-300x169.jpg 300w, https:\/\/organizacionsycoma.org\/wp-content\/uploads\/2024\/07\/240621-5-768x432.jpg 768w, https:\/\/organizacionsycoma.org\/wp-content\/uploads\/2024\/07\/240621-5-1536x865.jpg 1536w, https:\/\/organizacionsycoma.org\/wp-content\/uploads\/2024\/07\/240621-5-1140x642.jpg 1140w, https:\/\/organizacionsycoma.org\/wp-content\/uploads\/2024\/07\/240621-5.jpg 2048w\" sizes=\"auto, (max-width: 1024px) 100vw, 1024px\" \/><\/figure>\n\n\n\n<figure class=\"wp-block-image size-large\"><img loading=\"lazy\" decoding=\"async\" width=\"1024\" height=\"577\" data-id=\"129\" src=\"https:\/\/organizacionsycoma.org\/wp-content\/uploads\/2024\/07\/240621-6-1024x577.jpg\" alt=\"\" class=\"wp-image-129\" srcset=\"https:\/\/organizacionsycoma.org\/wp-content\/uploads\/2024\/07\/240621-6-1024x577.jpg 1024w, https:\/\/organizacionsycoma.org\/wp-content\/uploads\/2024\/07\/240621-6-300x169.jpg 300w, https:\/\/organizacionsycoma.org\/wp-content\/uploads\/2024\/07\/240621-6-768x432.jpg 768w, https:\/\/organizacionsycoma.org\/wp-content\/uploads\/2024\/07\/240621-6-1536x865.jpg 1536w, https:\/\/organizacionsycoma.org\/wp-content\/uploads\/2024\/07\/240621-6-1140x642.jpg 1140w, https:\/\/organizacionsycoma.org\/wp-content\/uploads\/2024\/07\/240621-6.jpg 2048w\" sizes=\"auto, (max-width: 1024px) 100vw, 1024px\" \/><\/figure>\n\n\n\n<figure class=\"wp-block-image size-large\"><img loading=\"lazy\" decoding=\"async\" width=\"1024\" height=\"577\" data-id=\"130\" src=\"https:\/\/organizacionsycoma.org\/wp-content\/uploads\/2024\/07\/240621-7-1024x577.jpg\" alt=\"\" class=\"wp-image-130\" srcset=\"https:\/\/organizacionsycoma.org\/wp-content\/uploads\/2024\/07\/240621-7-1024x577.jpg 1024w, https:\/\/organizacionsycoma.org\/wp-content\/uploads\/2024\/07\/240621-7-300x169.jpg 300w, https:\/\/organizacionsycoma.org\/wp-content\/uploads\/2024\/07\/240621-7-768x432.jpg 768w, https:\/\/organizacionsycoma.org\/wp-content\/uploads\/2024\/07\/240621-7-1536x865.jpg 1536w, https:\/\/organizacionsycoma.org\/wp-content\/uploads\/2024\/07\/240621-7-1140x642.jpg 1140w, https:\/\/organizacionsycoma.org\/wp-content\/uploads\/2024\/07\/240621-7.jpg 2048w\" sizes=\"auto, (max-width: 1024px) 100vw, 1024px\" \/><\/figure>\n\n\n\n<figure class=\"wp-block-image size-large\"><img loading=\"lazy\" decoding=\"async\" width=\"1024\" height=\"577\" data-id=\"131\" src=\"https:\/\/organizacionsycoma.org\/wp-content\/uploads\/2024\/07\/240621-8-1024x577.jpg\" alt=\"\" class=\"wp-image-131\" srcset=\"https:\/\/organizacionsycoma.org\/wp-content\/uploads\/2024\/07\/240621-8-1024x577.jpg 1024w, https:\/\/organizacionsycoma.org\/wp-content\/uploads\/2024\/07\/240621-8-300x169.jpg 300w, https:\/\/organizacionsycoma.org\/wp-content\/uploads\/2024\/07\/240621-8-768x432.jpg 768w, https:\/\/organizacionsycoma.org\/wp-content\/uploads\/2024\/07\/240621-8-1536x865.jpg 1536w, https:\/\/organizacionsycoma.org\/wp-content\/uploads\/2024\/07\/240621-8-1140x642.jpg 1140w, https:\/\/organizacionsycoma.org\/wp-content\/uploads\/2024\/07\/240621-8.jpg 2048w\" sizes=\"auto, (max-width: 1024px) 100vw, 1024px\" \/><\/figure>\n\n\n\n<figure class=\"wp-block-image size-large\"><img loading=\"lazy\" decoding=\"async\" width=\"1024\" height=\"768\" data-id=\"132\" src=\"https:\/\/organizacionsycoma.org\/wp-content\/uploads\/2024\/07\/240621-9-1024x768.jpg\" alt=\"\" class=\"wp-image-132\" srcset=\"https:\/\/organizacionsycoma.org\/wp-content\/uploads\/2024\/07\/240621-9-1024x768.jpg 1024w, https:\/\/organizacionsycoma.org\/wp-content\/uploads\/2024\/07\/240621-9-300x225.jpg 300w, https:\/\/organizacionsycoma.org\/wp-content\/uploads\/2024\/07\/240621-9-768x576.jpg 768w, https:\/\/organizacionsycoma.org\/wp-content\/uploads\/2024\/07\/240621-9-1536x1152.jpg 1536w, https:\/\/organizacionsycoma.org\/wp-content\/uploads\/2024\/07\/240621-9-1140x855.jpg 1140w, https:\/\/organizacionsycoma.org\/wp-content\/uploads\/2024\/07\/240621-9.jpg 2048w\" sizes=\"auto, (max-width: 1024px) 100vw, 1024px\" \/><\/figure>\n\n\n\n<figure class=\"wp-block-image size-large\"><img loading=\"lazy\" decoding=\"async\" width=\"1024\" height=\"768\" data-id=\"133\" src=\"https:\/\/organizacionsycoma.org\/wp-content\/uploads\/2024\/07\/240621-10-1024x768.jpg\" alt=\"\" class=\"wp-image-133\" srcset=\"https:\/\/organizacionsycoma.org\/wp-content\/uploads\/2024\/07\/240621-10-1024x768.jpg 1024w, https:\/\/organizacionsycoma.org\/wp-content\/uploads\/2024\/07\/240621-10-300x225.jpg 300w, https:\/\/organizacionsycoma.org\/wp-content\/uploads\/2024\/07\/240621-10-768x576.jpg 768w, https:\/\/organizacionsycoma.org\/wp-content\/uploads\/2024\/07\/240621-10-1536x1152.jpg 1536w, https:\/\/organizacionsycoma.org\/wp-content\/uploads\/2024\/07\/240621-10-1140x855.jpg 1140w, https:\/\/organizacionsycoma.org\/wp-content\/uploads\/2024\/07\/240621-10.jpg 1600w\" sizes=\"auto, (max-width: 1024px) 100vw, 1024px\" \/><\/figure>\n<\/figure>\n","protected":false},"excerpt":{"rendered":"<p>En beneficio de la protecci\u00f3n del Gallito Marino y otras aves, se llev\u00f3 a cabo la 8\u00aa Reuni\u00f3n para el Intercambio de Experiencias: Alas que unen a las Californias. El objetivo, fue que los y las asistentes puedan conocer las acciones y actividades que se est\u00e1n realizando en beneficio de la conservaci\u00f3n del Gallito Marino (Sternula antillarum) y de otras especies de aves costeras y marinas que comparten su h\u00e1bitat, mismas que se desarrollan en el Noroeste de M\u00e9xico, al igual que en el estado vecino de California en Estados Unidos. Consolidando la red para la conservaci\u00f3n que di\u00f3 inicio hace ocho a\u00f1os. Durante la 8va reuni\u00f3n con sede en la Ciudad de La Paz que se lleva a cabo los d\u00edas 20 al 21 de junio contando como anfitriones las UABCS y la Organizaci\u00f3n SyCOMA, representantes de las diferentes organizaciones expondr\u00e1n el trabajo que realizan, lo que permitir\u00e1 identificar las particularidades de la organizaci\u00f3n y el tipo de protecci\u00f3n o investigaciones que implementan en sus territorios. Lo anterior permitir\u00e1 intercambiar experiencias en torno a las acciones de protecci\u00f3n e investigaci\u00f3n que se realizan, lo cual abre la posibilidad que se adopten algunas de estas acciones y fortaleces las acciones de conservaci\u00f3n de esta peculiar ave que compartimos.<\/p>\n","protected":false},"author":2,"featured_media":124,"comment_status":"closed","ping_status":"","sticky":false,"template":"","format":"standard","meta":{"_jetpack_memberships_contains_paid_content":false,"footnotes":""},"categories":[16,14,10],"tags":[22,5,18],"class_list":["post-123","post","type-post","status-publish","format-standard","has-post-thumbnail","hentry","category-conservacion","category-mexico","category-noticias","tag-conservacion","tag-noticias","tag-sociedad"],"jetpack_featured_media_url":"https:\/\/organizacionsycoma.org\/wp-content\/uploads\/2024\/07\/240621-1.jpg","jetpack_sharing_enabled":true,"_links":{"self":[{"href":"https:\/\/organizacionsycoma.org\/index.php?rest_route=\/wp\/v2\/posts\/123","targetHints":{"allow":["GET"]}}],"collection":[{"href":"https:\/\/organizacionsycoma.org\/index.php?rest_route=\/wp\/v2\/posts"}],"about":[{"href":"https:\/\/organizacionsycoma.org\/index.php?rest_route=\/wp\/v2\/types\/post"}],"author":[{"embeddable":true,"href":"https:\/\/organizacionsycoma.org\/index.php?rest_route=\/wp\/v2\/users\/2"}],"replies":[{"embeddable":true,"href":"https:\/\/organizacionsycoma.org\/index.php?rest_route=%2Fwp%2Fv2%2Fcomments&post=123"}],"version-history":[{"count":1,"href":"https:\/\/organizacionsycoma.org\/index.php?rest_route=\/wp\/v2\/posts\/123\/revisions"}],"predecessor-version":[{"id":134,"href":"https:\/\/organizacionsycoma.org\/index.php?rest_route=\/wp\/v2\/posts\/123\/revisions\/134"}],"wp:featuredmedia":[{"embeddable":true,"href":"https:\/\/organizacionsycoma.org\/index.php?rest_route=\/wp\/v2\/media\/124"}],"wp:attachment":[{"href":"https:\/\/organizacionsycoma.org\/index.php?rest_route=%2Fwp%2Fv2%2Fmedia&parent=123"}],"wp:term":[{"taxonomy":"category","embeddable":true,"href":"https:\/\/organizacionsycoma.org\/index.php?rest_route=%2Fwp%2Fv2%2Fcategories&post=123"},{"taxonomy":"post_tag","embeddable":true,"href":"https:\/\/organizacionsycoma.org\/index.php?rest_route=%2Fwp%2Fv2%2Ftags&post=123"}],"curies":[{"name":"wp","href":"https:\/\/api.w.org\/{rel}","templated":true}]}}