{"id":120,"date":"2024-06-20T19:25:00","date_gmt":"2024-06-21T01:25:00","guid":{"rendered":"https:\/\/organizacionsycoma.org\/?p=120"},"modified":"2024-07-08T19:25:44","modified_gmt":"2024-07-09T01:25:44","slug":"trabajando-juntos-por-la-conservacion","status":"publish","type":"post","link":"https:\/\/organizacionsycoma.org\/?p=120","title":{"rendered":"Trabajando juntos por la conservaci\u00f3n"},"content":{"rendered":"\n<p>Esta semana recibimos en Baja California Sur a las integrantes del programa \u00abCuidando al Playero rojizo y al Pejerrey\u00bb, quienes a partir del d\u00eda de ma\u00f1ana estar\u00e1n participando en diversas actividades en Los Municipios de La Paz y Los Cabos orientadas al intercambio de experiencias en la conservaci\u00f3n de aves marinas.<\/p>\n","protected":false},"excerpt":{"rendered":"<p>Esta semana recibimos en Baja California Sur a las integrantes del programa \u00abCuidando al Playero rojizo y al Pejerrey\u00bb, quienes a partir del d\u00eda de ma\u00f1ana estar\u00e1n participando en diversas actividades en Los Municipios de La Paz y Los Cabos orientadas al intercambio de experiencias en la conservaci\u00f3n de aves marinas.<\/p>\n","protected":false},"author":2,"featured_media":121,"comment_status":"closed","ping_status":"","sticky":false,"template":"","format":"standard","meta":{"_jetpack_memberships_contains_paid_content":false,"footnotes":""},"categories":[16,10,17],"tags":[22,5,18],"class_list":["post-120","post","type-post","status-publish","format-standard","has-post-thumbnail","hentry","category-conservacion","category-noticias","category-sociedad-y-naturaleza","tag-conservacion","tag-noticias","tag-sociedad"],"jetpack_featured_media_url":"https:\/\/organizacionsycoma.org\/wp-content\/uploads\/2024\/07\/playero-rojizo.jpg","jetpack_sharing_enabled":true,"_links":{"self":[{"href":"https:\/\/organizacionsycoma.org\/index.php?rest_route=\/wp\/v2\/posts\/120","targetHints":{"allow":["GET"]}}],"collection":[{"href":"https:\/\/organizacionsycoma.org\/index.php?rest_route=\/wp\/v2\/posts"}],"about":[{"href":"https:\/\/organizacionsycoma.org\/index.php?rest_route=\/wp\/v2\/types\/post"}],"author":[{"embeddable":true,"href":"https:\/\/organizacionsycoma.org\/index.php?rest_route=\/wp\/v2\/users\/2"}],"replies":[{"embeddable":true,"href":"https:\/\/organizacionsycoma.org\/index.php?rest_route=%2Fwp%2Fv2%2Fcomments&post=120"}],"version-history":[{"count":1,"href":"https:\/\/organizacionsycoma.org\/index.php?rest_route=\/wp\/v2\/posts\/120\/revisions"}],"predecessor-version":[{"id":122,"href":"https:\/\/organizacionsycoma.org\/index.php?rest_route=\/wp\/v2\/posts\/120\/revisions\/122"}],"wp:featuredmedia":[{"embeddable":true,"href":"https:\/\/organizacionsycoma.org\/index.php?rest_route=\/wp\/v2\/media\/121"}],"wp:attachment":[{"href":"https:\/\/organizacionsycoma.org\/index.php?rest_route=%2Fwp%2Fv2%2Fmedia&parent=120"}],"wp:term":[{"taxonomy":"category","embeddable":true,"href":"https:\/\/organizacionsycoma.org\/index.php?rest_route=%2Fwp%2Fv2%2Fcategories&post=120"},{"taxonomy":"post_tag","embeddable":true,"href":"https:\/\/organizacionsycoma.org\/index.php?rest_route=%2Fwp%2Fv2%2Ftags&post=120"}],"curies":[{"name":"wp","href":"https:\/\/api.w.org\/{rel}","templated":true}]}}