{"id":114,"date":"2024-06-20T19:07:00","date_gmt":"2024-06-21T01:07:00","guid":{"rendered":"https:\/\/organizacionsycoma.org\/?p=114"},"modified":"2024-07-08T21:32:15","modified_gmt":"2024-07-09T03:32:15","slug":"monitoreo-y-rescate-improvisado","status":"publish","type":"post","link":"https:\/\/organizacionsycoma.org\/?p=114","title":{"rendered":"Monitoreo y rescate de vida silvestre"},"content":{"rendered":"\n<p>Recientemente apoyamos a tareas del <a href=\"https:\/\/www.cicese.edu.mx\/\"><strong>CICESE<\/strong><\/a> en monitoreo de aves en el Islote Afegua, La Paz, BCS. Ese mismo d\u00eda y de forma casual, atendimos al rescate de una tortuga marina herida por lo que parec\u00eda un fuerte golpe en el caparaz\u00f3n, para su atenci\u00f3n m\u00e9dica en coordinaci\u00f3n con PROFEPA.<\/p>\n\n\n\n<figure class=\"wp-block-image size-large\"><img loading=\"lazy\" decoding=\"async\" width=\"1024\" height=\"479\" src=\"https:\/\/organizacionsycoma.org\/wp-content\/uploads\/2024\/07\/afegua-5-1024x479.jpg\" alt=\"\" class=\"wp-image-116\" srcset=\"https:\/\/organizacionsycoma.org\/wp-content\/uploads\/2024\/07\/afegua-5-1024x479.jpg 1024w, https:\/\/organizacionsycoma.org\/wp-content\/uploads\/2024\/07\/afegua-5-300x140.jpg 300w, https:\/\/organizacionsycoma.org\/wp-content\/uploads\/2024\/07\/afegua-5-768x359.jpg 768w, https:\/\/organizacionsycoma.org\/wp-content\/uploads\/2024\/07\/afegua-5-1536x718.jpg 1536w, https:\/\/organizacionsycoma.org\/wp-content\/uploads\/2024\/07\/afegua-5-1140x533.jpg 1140w, https:\/\/organizacionsycoma.org\/wp-content\/uploads\/2024\/07\/afegua-5.jpg 2048w\" sizes=\"auto, (max-width: 1024px) 100vw, 1024px\" \/><\/figure>\n","protected":false},"excerpt":{"rendered":"<p>Recientemente apoyamos a tareas del CICESE en monitoreo de aves en el Islote Afegua, La Paz, BCS. Ese mismo d\u00eda y de forma casual, atendimos al rescate de una tortuga marina herida por lo que parec\u00eda un fuerte golpe en el caparaz\u00f3n, para su atenci\u00f3n m\u00e9dica en coordinaci\u00f3n con PROFEPA.<\/p>\n","protected":false},"author":2,"featured_media":115,"comment_status":"closed","ping_status":"","sticky":false,"template":"","format":"standard","meta":{"_jetpack_memberships_contains_paid_content":false,"footnotes":""},"categories":[10],"tags":[9,22,21,23,5],"class_list":["post-114","post","type-post","status-publish","format-standard","has-post-thumbnail","hentry","category-noticias","tag-baja-california-sur","tag-conservacion","tag-la-paz","tag-monitoreo","tag-noticias"],"jetpack_featured_media_url":"https:\/\/organizacionsycoma.org\/wp-content\/uploads\/2024\/07\/afegua-4.jpg","jetpack_sharing_enabled":true,"_links":{"self":[{"href":"https:\/\/organizacionsycoma.org\/index.php?rest_route=\/wp\/v2\/posts\/114","targetHints":{"allow":["GET"]}}],"collection":[{"href":"https:\/\/organizacionsycoma.org\/index.php?rest_route=\/wp\/v2\/posts"}],"about":[{"href":"https:\/\/organizacionsycoma.org\/index.php?rest_route=\/wp\/v2\/types\/post"}],"author":[{"embeddable":true,"href":"https:\/\/organizacionsycoma.org\/index.php?rest_route=\/wp\/v2\/users\/2"}],"replies":[{"embeddable":true,"href":"https:\/\/organizacionsycoma.org\/index.php?rest_route=%2Fwp%2Fv2%2Fcomments&post=114"}],"version-history":[{"count":5,"href":"https:\/\/organizacionsycoma.org\/index.php?rest_route=\/wp\/v2\/posts\/114\/revisions"}],"predecessor-version":[{"id":149,"href":"https:\/\/organizacionsycoma.org\/index.php?rest_route=\/wp\/v2\/posts\/114\/revisions\/149"}],"wp:featuredmedia":[{"embeddable":true,"href":"https:\/\/organizacionsycoma.org\/index.php?rest_route=\/wp\/v2\/media\/115"}],"wp:attachment":[{"href":"https:\/\/organizacionsycoma.org\/index.php?rest_route=%2Fwp%2Fv2%2Fmedia&parent=114"}],"wp:term":[{"taxonomy":"category","embeddable":true,"href":"https:\/\/organizacionsycoma.org\/index.php?rest_route=%2Fwp%2Fv2%2Fcategories&post=114"},{"taxonomy":"post_tag","embeddable":true,"href":"https:\/\/organizacionsycoma.org\/index.php?rest_route=%2Fwp%2Fv2%2Ftags&post=114"}],"curies":[{"name":"wp","href":"https:\/\/api.w.org\/{rel}","templated":true}]}}