{"id":103,"date":"2024-06-06T10:20:00","date_gmt":"2024-06-06T16:20:00","guid":{"rendered":"https:\/\/organizacionsycoma.org\/?p=103"},"modified":"2024-07-08T10:22:48","modified_gmt":"2024-07-08T16:22:48","slug":"por-una-inclusion-real","status":"publish","type":"post","link":"https:\/\/organizacionsycoma.org\/?p=103","title":{"rendered":"Por una inclusi\u00f3n real"},"content":{"rendered":"\n<p>Hoy conoceremos un poco sobre Carlos \u201cCharli\u201d Casarrubias Gallegos, quien desde su nacimiento es ciego y nos ayudar\u00e1 a entender un poco la realidad desde su posici\u00f3n y la disposici\u00f3n de la sociedad hacia este tipo de personas. Recientemente Carlos disfrut\u00f3 con<a href=\"https:\/\/www.facebook.com\/organizacionsycoma?__cft__[0]=AZVo2Xmnfmdj0QtMlgsJ8uOHcttgJaOz-h-vvblzp19x81YMIP8rOLcclYGAypnBIM5JEijT8kJ1TEF4AZDl2EZ3zQFLzPDSbzCTlDRMCc5I67ITeNyveX5_XvUCLo2xO9qsOQfl2xPr7zNMDAEzrE69U1i6V_TOuDFi4UqIeHAxc3UBBkTVKLNTRC56UUzX8NSrFegvWleDqh86A11EWasYxyqpuGWdwOQoOyoSkNZzPHRBXMyNaWkyjUPhBCgUKFU&amp;__tn__=-]K-y-R\"> Organizaci\u00f3n para la Sustentabilidad y Conservaci\u00f3n del Medio Ambient<\/a>e una grata experiencia, en la que pudo visitar junto a m\u00e1s personas un jard\u00edn bot\u00e1nico, y un museo.<\/p>\n\n\n\n<p>\u00c9l es estudiante de psicolog\u00eda educativa, le encanta el campo, del que disfruta pero no puede negar que conocer algunas zonas es muy complicado, no s\u00f3lo porque algunos lugares son de dif\u00edcil acceso, sino porque la mayor\u00eda de las personas piensan que ser\u00e1 dif\u00edcil o imposible para \u00e9l, motivo por el que la mayor\u00eda de las veces se cierran las oportunidades.<\/p>\n\n\n\n<p>Preguntado acerca de los museos o las exposiciones, Charli coment\u00f3 que: \u201clos museos deben ser conscientes de mostrarnos sus tesoros de modo que todo sea accesible y que pueda tocarse, olerse o escucharse para saber c\u00f3mo es, cualquier cosa para disfrutar como los dem\u00e1s, es lo que deber\u00eda ser. A\u00fan y as\u00ed es muy dif\u00edcil porque hay veces que vas a un museo y s\u00f3lo hay vitrinas, la letra es muy peque\u00f1a, no hay braille, ni siquiera audio gu\u00edas o visitas guiadas; por eso si hay algo, por peque\u00f1o que sea, nos puede dar mucho\u201d.<\/p>\n\n\n\n<figure class=\"wp-block-image size-large is-resized\"><img loading=\"lazy\" decoding=\"async\" width=\"1024\" height=\"768\" src=\"https:\/\/organizacionsycoma.org\/wp-content\/uploads\/2024\/06\/240606-3-1024x768.jpg\" alt=\"\" class=\"wp-image-106\" style=\"width:540px;height:auto\" srcset=\"https:\/\/organizacionsycoma.org\/wp-content\/uploads\/2024\/06\/240606-3-1024x768.jpg 1024w, https:\/\/organizacionsycoma.org\/wp-content\/uploads\/2024\/06\/240606-3-300x225.jpg 300w, https:\/\/organizacionsycoma.org\/wp-content\/uploads\/2024\/06\/240606-3-768x576.jpg 768w, https:\/\/organizacionsycoma.org\/wp-content\/uploads\/2024\/06\/240606-3-1536x1152.jpg 1536w, https:\/\/organizacionsycoma.org\/wp-content\/uploads\/2024\/06\/240606-3-1140x855.jpg 1140w, https:\/\/organizacionsycoma.org\/wp-content\/uploads\/2024\/06\/240606-3.jpg 2048w\" sizes=\"auto, (max-width: 1024px) 100vw, 1024px\" \/><\/figure>\n\n\n\n<p>Es por ellos que la Organizaci\u00f3n SyCOMA con el apoyo de <a href=\"https:\/\/www.facebook.com\/cibnor?__cft__[0]=AZVo2Xmnfmdj0QtMlgsJ8uOHcttgJaOz-h-vvblzp19x81YMIP8rOLcclYGAypnBIM5JEijT8kJ1TEF4AZDl2EZ3zQFLzPDSbzCTlDRMCc5I67ITeNyveX5_XvUCLo2xO9qsOQfl2xPr7zNMDAEzrE69U1i6V_TOuDFi4UqIeHAxc3UBBkTVKLNTRC56UUzX8NSrFegvWleDqh86A11EWasYxyqpuGWdwOQoOyoSkNZzPHRBXMyNaWkyjUPhBCgUKFU&amp;__tn__=-]K-y-R\">Centro de Investigaciones Biol\u00f3gicas del Noroeste S.C.<\/a> a trav\u00e9s del Jard\u00edn Etnobiol\u00f3gico de Baja California Sur &#8211; \u00abGuyiaqui\u00bb y el <a href=\"https:\/\/www.facebook.com\/MuseoDeLaBallenaPage?__cft__[0]=AZVo2Xmnfmdj0QtMlgsJ8uOHcttgJaOz-h-vvblzp19x81YMIP8rOLcclYGAypnBIM5JEijT8kJ1TEF4AZDl2EZ3zQFLzPDSbzCTlDRMCc5I67ITeNyveX5_XvUCLo2xO9qsOQfl2xPr7zNMDAEzrE69U1i6V_TOuDFi4UqIeHAxc3UBBkTVKLNTRC56UUzX8NSrFegvWleDqh86A11EWasYxyqpuGWdwOQoOyoSkNZzPHRBXMyNaWkyjUPhBCgUKFU&amp;__tn__=-]K-y-R\">Museo de la Ballena<\/a>, abren un nuevo espacio para los ciegos, mismo que inicio con una primera visita el 27 de mayo, recibiendo a un grupo de ciegos y sus familias en la Ciudad de La Paz.<\/p>\n\n\n\n<p>En el jard\u00edn Jard\u00edn Etnobiol\u00f3gico de Baja California Sur &#8211; \u00abGuyiaqui\u00bb, tuvieron la oportunidad de recorrer los senderos de forma individual en compa\u00f1\u00eda de un gu\u00eda, reconociendo las plantas nativas a trav\u00e9s del tacto y los olores, aprendieron del uso tradicional de estas plantas. Fueron atendidos personalmente por la Dra. Mar\u00eda Carmen Mercado Guido (Directora del Jard\u00edn)<\/p>\n\n\n\n<p>Durante la visita al Museo de la Ballena , aprendieron sobre mam\u00edferos marinos, tortugas marinas y tiburones, Francisco G\u00f3mez director del museo, atendi\u00f3 personalmente al grupo.<\/p>\n\n\n\n<p>Estas salidas van orientas para que las personas ciegas conozcan el campo y la naturaleza en forma vivida y creen independencia por otro lado convivir con personas que no est\u00e1n acostumbradas a hacerlo con ciegos y quitar el estigma que ellos no pueden hacer muchas cosas.<\/p>\n\n\n\n<p>Queremos reconocer a todos los involucrados. \u00a1Gracias por hacer la diferencia y hacer una inclusi\u00f3n real!<\/p>\n","protected":false},"excerpt":{"rendered":"<p>Hoy conoceremos un poco sobre Carlos \u201cCharli\u201d Casarrubias Gallegos, quien desde su nacimiento es ciego y nos ayudar\u00e1 a entender un poco la realidad desde su posici\u00f3n y la disposici\u00f3n de la sociedad hacia este tipo de personas. Recientemente Carlos disfrut\u00f3 con Organizaci\u00f3n para la Sustentabilidad y Conservaci\u00f3n del Medio Ambiente una grata experiencia, en la que pudo visitar junto a m\u00e1s personas un jard\u00edn bot\u00e1nico, y un museo. \u00c9l es estudiante de psicolog\u00eda educativa, le encanta el campo, del que disfruta pero no puede negar que conocer algunas zonas es muy complicado, no s\u00f3lo porque algunos lugares son de dif\u00edcil acceso, sino porque la mayor\u00eda de las personas piensan que ser\u00e1 dif\u00edcil o imposible para \u00e9l, motivo por el que la mayor\u00eda de las veces se cierran las oportunidades. Preguntado acerca de los museos o las exposiciones, Charli coment\u00f3 que: \u201clos museos deben ser conscientes de mostrarnos sus tesoros de modo que todo sea accesible y que pueda tocarse, olerse o escucharse para saber c\u00f3mo es, cualquier cosa para disfrutar como los dem\u00e1s, es lo que deber\u00eda ser. A\u00fan y as\u00ed es muy dif\u00edcil porque hay veces que vas a un museo y s\u00f3lo hay vitrinas, la letra es muy peque\u00f1a, no hay braille, ni siquiera audio gu\u00edas o visitas guiadas; por eso si hay algo, por peque\u00f1o que sea, nos puede dar mucho\u201d. Es por ellos que la Organizaci\u00f3n SyCOMA con el apoyo de Centro de Investigaciones Biol\u00f3gicas del Noroeste S.C. a trav\u00e9s del Jard\u00edn Etnobiol\u00f3gico de Baja California Sur &#8211; \u00abGuyiaqui\u00bb y el Museo de la Ballena, abren un nuevo espacio para los ciegos, mismo que inicio con una primera visita el 27 de mayo, recibiendo a un grupo de ciegos y sus familias en la Ciudad de La Paz. En el jard\u00edn Jard\u00edn Etnobiol\u00f3gico de Baja California Sur &#8211; \u00abGuyiaqui\u00bb, tuvieron la oportunidad de recorrer los senderos de forma individual en compa\u00f1\u00eda de un gu\u00eda, reconociendo las plantas nativas a trav\u00e9s del tacto y los olores, aprendieron del uso tradicional de estas plantas. Fueron atendidos personalmente por la Dra. Mar\u00eda Carmen Mercado Guido (Directora del Jard\u00edn) Durante la visita al Museo de la Ballena , aprendieron sobre mam\u00edferos marinos, tortugas marinas y tiburones, Francisco G\u00f3mez director del museo, atendi\u00f3 personalmente al grupo. Estas salidas van orientas para que las personas ciegas conozcan el campo y la naturaleza en forma vivida y creen independencia por otro lado convivir con personas que no est\u00e1n acostumbradas a hacerlo con ciegos y quitar el estigma que ellos no pueden hacer muchas cosas. Queremos reconocer a todos los involucrados. \u00a1Gracias por hacer la diferencia y hacer una inclusi\u00f3n real!<\/p>\n","protected":false},"author":2,"featured_media":104,"comment_status":"closed","ping_status":"","sticky":false,"template":"","format":"standard","meta":{"_jetpack_memberships_contains_paid_content":false,"footnotes":""},"categories":[10,17],"tags":[19,5,18],"class_list":["post-103","post","type-post","status-publish","format-standard","has-post-thumbnail","hentry","category-noticias","category-sociedad-y-naturaleza","tag-inclusion","tag-noticias","tag-sociedad"],"jetpack_featured_media_url":"https:\/\/organizacionsycoma.org\/wp-content\/uploads\/2024\/07\/240606-charli.jpg","jetpack_sharing_enabled":true,"_links":{"self":[{"href":"https:\/\/organizacionsycoma.org\/index.php?rest_route=\/wp\/v2\/posts\/103","targetHints":{"allow":["GET"]}}],"collection":[{"href":"https:\/\/organizacionsycoma.org\/index.php?rest_route=\/wp\/v2\/posts"}],"about":[{"href":"https:\/\/organizacionsycoma.org\/index.php?rest_route=\/wp\/v2\/types\/post"}],"author":[{"embeddable":true,"href":"https:\/\/organizacionsycoma.org\/index.php?rest_route=\/wp\/v2\/users\/2"}],"replies":[{"embeddable":true,"href":"https:\/\/organizacionsycoma.org\/index.php?rest_route=%2Fwp%2Fv2%2Fcomments&post=103"}],"version-history":[{"count":2,"href":"https:\/\/organizacionsycoma.org\/index.php?rest_route=\/wp\/v2\/posts\/103\/revisions"}],"predecessor-version":[{"id":107,"href":"https:\/\/organizacionsycoma.org\/index.php?rest_route=\/wp\/v2\/posts\/103\/revisions\/107"}],"wp:featuredmedia":[{"embeddable":true,"href":"https:\/\/organizacionsycoma.org\/index.php?rest_route=\/wp\/v2\/media\/104"}],"wp:attachment":[{"href":"https:\/\/organizacionsycoma.org\/index.php?rest_route=%2Fwp%2Fv2%2Fmedia&parent=103"}],"wp:term":[{"taxonomy":"category","embeddable":true,"href":"https:\/\/organizacionsycoma.org\/index.php?rest_route=%2Fwp%2Fv2%2Fcategories&post=103"},{"taxonomy":"post_tag","embeddable":true,"href":"https:\/\/organizacionsycoma.org\/index.php?rest_route=%2Fwp%2Fv2%2Ftags&post=103"}],"curies":[{"name":"wp","href":"https:\/\/api.w.org\/{rel}","templated":true}]}}